{"id":153,"date":"2024-11-03T09:46:47","date_gmt":"2024-11-03T09:46:47","guid":{"rendered":"https:\/\/asodana23.org\/?p=153"},"modified":"2024-11-06T09:51:34","modified_gmt":"2024-11-06T09:51:34","slug":"153","status":"publish","type":"post","link":"https:\/\/asodana23.org\/?p=153","title":{"rendered":""},"content":{"rendered":"\n<p><strong>\u00a1Gracias por Vuestra Solidaridad! Avances en la Recogida de Donativos para los Afectados por la DANA en Valencia<\/strong><\/p>\n\n\n\n<p>Queremos dar las gracias a todas las personas que se han acercado para colaborar con donativos de productos de primera necesidad para los afectados por la DANA en Valencia. \u00a1Vuestra generosidad y apoyo est\u00e1n marcando una gran diferencia!<\/p>\n\n\n\n<figure class=\"wp-block-image size-large\"><img alt=\"\" loading=\"lazy\" decoding=\"async\" width=\"768\" height=\"1024\" src=\"https:\/\/asodana23.org\/wp-content\/uploads\/2024\/11\/image-768x1024.png\" alt=\"\" class=\"wp-image-163\" srcset=\"https:\/\/asodana23.org\/wp-content\/uploads\/2024\/11\/image-768x1024.png 768w, https:\/\/asodana23.org\/wp-content\/uploads\/2024\/11\/image-225x300.png 225w, https:\/\/asodana23.org\/wp-content\/uploads\/2024\/11\/image-1152x1536.png 1152w, https:\/\/asodana23.org\/wp-content\/uploads\/2024\/11\/image.png 1500w\" sizes=\"auto, (max-width: 768px) 100vw, 768px\" \/><\/figure>\n\n\n\n<p>Hasta el momento, hemos logrado reunir una impresionante cantidad de art\u00edculos esenciales, incluyendo agua, leche, alimentos no perecederos y productos de higiene. Este esfuerzo colectivo nos demuestra una vez m\u00e1s que, cuando nos unimos, logramos grandes cosas. Cada botella de agua, cada bolsa de comida y cada producto de higiene cuenta y representa un acto de solidaridad y esperanza para las familias que est\u00e1n enfrentando esta situaci\u00f3n tan complicada.<\/p>\n\n\n\n<p><strong>\u00bfTodav\u00eda No Has Colaborado?<\/strong><\/p>\n\n\n\n<p>Si a\u00fan no has tenido la oportunidad de sumarte, \u00a1todav\u00eda est\u00e1s a tiempo! La campa\u00f1a sigue en marcha, y continuamos recibiendo donativos para cubrir las necesidades de quienes m\u00e1s lo necesitan. Puedes realizar una donaci\u00f3n econ\u00f3mica o traer tus donaciones de art\u00edculos a nuestro punto de recogida.<\/p>\n\n\n\n<p><strong>Ubicaci\u00f3n<\/strong>: Calle Valencia 32<\/p>\n\n\n\n<p><strong>Horario de Recogida<\/strong>: De 9:00 a 21:00 horas<\/p>\n\n\n\n<p>No olvides que cada peque\u00f1a ayuda cuenta, y juntos somos capaces de superar cualquier adversidad. \u00a1Sigamos adelante con este esp\u00edritu solidario!<\/p>\n","protected":false},"excerpt":{"rendered":"<p>\u00a1Gracias por Vuestra Solidaridad! Avances en la Recogida de Donativos para los Afectados por la DANA en Valencia Queremos dar las gracias a todas las personas que se han acercado para colaborar con donativos de productos de primera necesidad para los afectados por la DANA en Valencia. \u00a1Vuestra generosidad y apoyo est\u00e1n marcando una gran [&hellip;]<\/p>\n","protected":false},"author":1,"featured_media":163,"comment_status":"closed","ping_status":"closed","sticky":false,"template":"","format":"standard","meta":{"_seopress_robots_primary_cat":"none","_seopress_titles_title":"","_seopress_titles_desc":"","_seopress_robots_index":"","_genesis_hide_title":false,"_genesis_hide_breadcrumbs":false,"_genesis_hide_singular_image":false,"_genesis_hide_footer_widgets":false,"_genesis_custom_body_class":"","_genesis_custom_post_class":"","_genesis_layout":"","footnotes":""},"categories":[1],"tags":[],"class_list":{"0":"post-153","1":"post","2":"type-post","3":"status-publish","4":"format-standard","5":"has-post-thumbnail","7":"category-uncategorized","8":"entry"},"featured_image_src":"https:\/\/asodana23.org\/wp-content\/uploads\/2024\/11\/image-600x400.png","featured_image_src_square":"https:\/\/asodana23.org\/wp-content\/uploads\/2024\/11\/image-600x600.png","author_info":{"display_name":"admin","author_link":"https:\/\/asodana23.org\/?author=1"},"jetpack_featured_media_url":"https:\/\/asodana23.org\/wp-content\/uploads\/2024\/11\/image.png","_links":{"self":[{"href":"https:\/\/asodana23.org\/index.php?rest_route=\/wp\/v2\/posts\/153","targetHints":{"allow":["GET"]}}],"collection":[{"href":"https:\/\/asodana23.org\/index.php?rest_route=\/wp\/v2\/posts"}],"about":[{"href":"https:\/\/asodana23.org\/index.php?rest_route=\/wp\/v2\/types\/post"}],"author":[{"embeddable":true,"href":"https:\/\/asodana23.org\/index.php?rest_route=\/wp\/v2\/users\/1"}],"replies":[{"embeddable":true,"href":"https:\/\/asodana23.org\/index.php?rest_route=%2Fwp%2Fv2%2Fcomments&post=153"}],"version-history":[{"count":1,"href":"https:\/\/asodana23.org\/index.php?rest_route=\/wp\/v2\/posts\/153\/revisions"}],"predecessor-version":[{"id":164,"href":"https:\/\/asodana23.org\/index.php?rest_route=\/wp\/v2\/posts\/153\/revisions\/164"}],"wp:featuredmedia":[{"embeddable":true,"href":"https:\/\/asodana23.org\/index.php?rest_route=\/wp\/v2\/media\/163"}],"wp:attachment":[{"href":"https:\/\/asodana23.org\/index.php?rest_route=%2Fwp%2Fv2%2Fmedia&parent=153"}],"wp:term":[{"taxonomy":"category","embeddable":true,"href":"https:\/\/asodana23.org\/index.php?rest_route=%2Fwp%2Fv2%2Fcategories&post=153"},{"taxonomy":"post_tag","embeddable":true,"href":"https:\/\/asodana23.org\/index.php?rest_route=%2Fwp%2Fv2%2Ftags&post=153"}],"curies":[{"name":"wp","href":"https:\/\/api.w.org\/{rel}","templated":true}]}}