{"id":152,"date":"2024-11-01T09:46:45","date_gmt":"2024-11-01T09:46:45","guid":{"rendered":"https:\/\/asodana23.org\/?p=152"},"modified":"2024-11-06T09:49:33","modified_gmt":"2024-11-06T09:49:33","slug":"recogida-de-donativos-y-enseres-para-los-afectados-por-la-dana-en-valencia","status":"publish","type":"post","link":"https:\/\/asodana23.org\/?p=152","title":{"rendered":"Recogida de Donativos y Enseres para los Afectados por la DANA en Valencia"},"content":{"rendered":"\n<p><strong>Recogida de Donativos y Enseres para los Afectados por la DANA en Valencia<\/strong><\/p>\n\n\n\n<p>La <strong>Asociaci\u00f3n Afectados DANA<\/strong> ha iniciado una campa\u00f1a de solidaridad para apoyar a todas las personas afectadas por la reciente DANA (Depresi\u00f3n Aislada en Niveles Altos) en Valencia. Invitamos a toda la comunidad a colaborar mediante donaciones econ\u00f3micas o de productos de primera necesidad, para ayudar a los damnificados en este momento tan dif\u00edcil.<\/p>\n\n\n\n<figure class=\"wp-block-image size-large\"><img alt=\"\" loading=\"lazy\" decoding=\"async\" width=\"724\" height=\"1024\" src=\"https:\/\/asodana23.org\/wp-content\/uploads\/2024\/11\/IMG_7234-724x1024.jpeg\" alt=\"\" class=\"wp-image-161\" srcset=\"https:\/\/asodana23.org\/wp-content\/uploads\/2024\/11\/IMG_7234-724x1024.jpeg 724w, https:\/\/asodana23.org\/wp-content\/uploads\/2024\/11\/IMG_7234-212x300.jpeg 212w, https:\/\/asodana23.org\/wp-content\/uploads\/2024\/11\/IMG_7234-768x1086.jpeg 768w, https:\/\/asodana23.org\/wp-content\/uploads\/2024\/11\/IMG_7234-1087x1536.jpeg 1087w, https:\/\/asodana23.org\/wp-content\/uploads\/2024\/11\/IMG_7234.jpeg 1415w\" sizes=\"auto, (max-width: 724px) 100vw, 724px\" \/><\/figure>\n\n\n\n<p><strong>\u00bfC\u00f3mo Puedes Colaborar?<\/strong><\/p>\n\n\n\n<p>Existen dos formas en las que puedes aportar tu granito de arena:<\/p>\n\n\n\n<p>1. <strong>Donativos Econ\u00f3micos<\/strong><\/p>\n\n\n\n<p>\u2022 Si deseas hacer una aportaci\u00f3n econ\u00f3mica, puedes realizar una transferencia a la siguiente cuenta bancaria:<\/p>\n\n\n\n<p>\u2022 <strong>IBAN<\/strong>: ES66 3081 0197 5850 0038 0344<\/p>\n\n\n\n<p>\u2022 <strong>Concepto<\/strong>: Ayuda Dana Valencia<\/p>\n\n\n\n<p>\u2022 <strong>Fecha l\u00edmite para donaciones econ\u00f3micas<\/strong>: 9 de noviembre.<\/p>\n\n\n\n<p>2. <strong>Donaci\u00f3n de Art\u00edculos de Primera Necesidad<\/strong><\/p>\n\n\n\n<p>\u2022 Estamos recogiendo art\u00edculos de primera necesidad como agua, productos de higiene personal, aceite, alimentos no perecederos, as\u00ed como herramientas (palas, escobas, etc.).<\/p>\n\n\n\n<p><strong>Punto de Recogida<\/strong><\/p>\n\n\n\n<p>Para los que deseen colaborar con productos, pueden llevar sus donaciones a la siguiente direcci\u00f3n:<\/p>\n\n\n\n<p>\u2022 <strong>Calle Valencia 32<\/strong><\/p>\n\n\n\n<p>\u2022 <strong>Fechas y Horario<\/strong>: S\u00e1bado 2 y domingo 3 de noviembre, de 9:00 a 21:00 horas.<\/p>\n\n\n\n<p>Este es el momento de unir fuerzas y demostrar nuestra solidaridad. Cada peque\u00f1o aporte cuenta y puede marcar una gran diferencia para las personas que est\u00e1n pasando por esta situaci\u00f3n.<\/p>\n\n\n\n<p><strong>Juntos somos m\u00e1s fuertes<\/strong>. \u00a1Gracias por tu apoyo!<\/p>\n","protected":false},"excerpt":{"rendered":"<p>Recogida de Donativos y Enseres para los Afectados por la DANA en Valencia La Asociaci\u00f3n Afectados DANA ha iniciado una campa\u00f1a de solidaridad para apoyar a todas las personas afectadas por la reciente DANA (Depresi\u00f3n Aislada en Niveles Altos) en Valencia. Invitamos a toda la comunidad a colaborar mediante donaciones econ\u00f3micas o de productos de [&hellip;]<\/p>\n","protected":false},"author":1,"featured_media":161,"comment_status":"closed","ping_status":"closed","sticky":false,"template":"","format":"standard","meta":{"_seopress_robots_primary_cat":"none","_seopress_titles_title":"","_seopress_titles_desc":"","_seopress_robots_index":"","_genesis_hide_title":false,"_genesis_hide_breadcrumbs":false,"_genesis_hide_singular_image":false,"_genesis_hide_footer_widgets":false,"_genesis_custom_body_class":"","_genesis_custom_post_class":"","_genesis_layout":"","footnotes":""},"categories":[7],"tags":[],"class_list":{"0":"post-152","1":"post","2":"type-post","3":"status-publish","4":"format-standard","5":"has-post-thumbnail","7":"category-novedades","8":"entry"},"featured_image_src":"https:\/\/asodana23.org\/wp-content\/uploads\/2024\/11\/IMG_7234-600x400.jpeg","featured_image_src_square":"https:\/\/asodana23.org\/wp-content\/uploads\/2024\/11\/IMG_7234-600x600.jpeg","author_info":{"display_name":"admin","author_link":"https:\/\/asodana23.org\/?author=1"},"jetpack_featured_media_url":"https:\/\/asodana23.org\/wp-content\/uploads\/2024\/11\/IMG_7234.jpeg","_links":{"self":[{"href":"https:\/\/asodana23.org\/index.php?rest_route=\/wp\/v2\/posts\/152","targetHints":{"allow":["GET"]}}],"collection":[{"href":"https:\/\/asodana23.org\/index.php?rest_route=\/wp\/v2\/posts"}],"about":[{"href":"https:\/\/asodana23.org\/index.php?rest_route=\/wp\/v2\/types\/post"}],"author":[{"embeddable":true,"href":"https:\/\/asodana23.org\/index.php?rest_route=\/wp\/v2\/users\/1"}],"replies":[{"embeddable":true,"href":"https:\/\/asodana23.org\/index.php?rest_route=%2Fwp%2Fv2%2Fcomments&post=152"}],"version-history":[{"count":1,"href":"https:\/\/asodana23.org\/index.php?rest_route=\/wp\/v2\/posts\/152\/revisions"}],"predecessor-version":[{"id":162,"href":"https:\/\/asodana23.org\/index.php?rest_route=\/wp\/v2\/posts\/152\/revisions\/162"}],"wp:featuredmedia":[{"embeddable":true,"href":"https:\/\/asodana23.org\/index.php?rest_route=\/wp\/v2\/media\/161"}],"wp:attachment":[{"href":"https:\/\/asodana23.org\/index.php?rest_route=%2Fwp%2Fv2%2Fmedia&parent=152"}],"wp:term":[{"taxonomy":"category","embeddable":true,"href":"https:\/\/asodana23.org\/index.php?rest_route=%2Fwp%2Fv2%2Fcategories&post=152"},{"taxonomy":"post_tag","embeddable":true,"href":"https:\/\/asodana23.org\/index.php?rest_route=%2Fwp%2Fv2%2Ftags&post=152"}],"curies":[{"name":"wp","href":"https:\/\/api.w.org\/{rel}","templated":true}]}}